{"id":1475,"date":"2025-04-01T03:46:22","date_gmt":"2025-04-01T05:46:22","guid":{"rendered":"https:\/\/www.esoz-projekty.cz\/?p=1475"},"modified":"2025-04-01T03:46:22","modified_gmt":"2025-04-01T05:46:22","slug":"kdyz-predsudky-brzdi-spolupraci-a-jak-je-prekonat","status":"publish","type":"post","link":"https:\/\/www.esoz-projekty.cz\/?p=1475","title":{"rendered":"Kdy\u017e p\u0159edsudky brzd\u00ed spolupr\u00e1ci\u2026 a jak je p\u0159ekonat"},"content":{"rendered":"\n<figure class=\"wp-block-image size-full\"><img loading=\"lazy\" width=\"226\" height=\"46\" src=\"https:\/\/www.esoz-projekty.cz\/wp-content\/uploads\/2020\/09\/Erasmus.png\" alt=\"\" class=\"wp-image-895\"\/><\/figure>\n\n\n\n<p>N\u011bkdy spolupr\u00e1ci nezbrzd\u00ed jazyk, vzd\u00e1lenost ani technick\u00e9 rozd\u00edly, ale oby\u010dejn\u00e9 p\u0159edsudky. O to siln\u011bj\u0161\u00ed m\u016f\u017ee b\u00fdt moment, kdy si \u010dlov\u011bk uv\u011bdom\u00ed, \u017ee pr\u00e1v\u011b otev\u0159enost a chu\u0165 u\u010dit se nov\u00e9 v\u011bci mohou p\u0159in\u00e9st nejv\u011bt\u0161\u00ed p\u0159\u00ednos \u2013 nejen jemu, ale i cel\u00e9 \u0161kole. A zde jsou m\u00e9 post\u0159ehy z\u00a0Mallorcy.<\/p>\n\n\n\n<p><strong>Prvn\u00ed setk\u00e1n\u00ed<\/strong><\/p>\n\n\n\n<p>S koordin\u00e1torem Joanem Ponsem z\u202fMajorky jsem se poprv\u00e9 setkala p\u0159ed dv\u011bma lety. Okam\u017eit\u011b m\u011b zaujal sv\u00fdm p\u0159\u00edstupem, rozhledem a otev\u0159enost\u00ed. Rychle jsme objevili spole\u010dn\u00e1 t\u00e9mata v\u00a0r\u00e1mci na\u0161ich obor\u016f a vznikla p\u0159\u00edle\u017eitost k\u00a0bli\u017e\u0161\u00ed spolupr\u00e1ci.<\/p>\n\n\n\n<p><strong>Jak to funguje jinde<\/strong><\/p>\n\n\n\n<p>Na jejich \u0161kole pracuje t\u00fdm koordin\u00e1tor\u016f, veden\u00fd hlavn\u00edm koordin\u00e1torem. Ka\u017ed\u00fd obor m\u00e1 dva a\u017e t\u0159i u\u010ditele, kte\u0159\u00ed zaji\u0161\u0165uj\u00ed v\u00fdb\u011br a p\u0159\u00edpravu \u017e\u00e1k\u016f na zahrani\u010dn\u00ed st\u00e1\u017ee i p\u00e9\u010di o zahrani\u010dn\u00ed partnery, kte\u0159\u00ed p\u0159ij\u00edmaj\u00ed \u017e\u00e1ky k\u00a0sob\u011b \u010di doporu\u010duj\u00ed zam\u011bstnavatele dle priorit, znalost\u00ed a osobn\u00edho nastaven\u00ed \u017e\u00e1k\u016f.B\u011bhem m\u00e9 n\u00e1v\u0161t\u011bvy jsem m\u011bla mo\u017enost poznat cel\u00fd syst\u00e9m v\u00a0praxi \u2013 od v\u00fdb\u011bru firem, p\u0159es p\u0159\u00edpravu \u017e\u00e1k\u016f a\u017e po spolupr\u00e1ci s\u00a0partnerskou \u0161kolou, kter\u00e1 funguje v\u00fdhradn\u011b online. Nap\u0159\u00edklad v\u202foboru elektrik\u00e1\u0159 se studenti u\u010d\u00ed teoretickou \u010d\u00e1st v\u00fduky online. Pot\u00e9 p\u0159ech\u00e1zej\u00ed do \u0161koly na praktickou \u010d\u00e1st a nakonec absolvuj\u00ed dvoum\u011bs\u00ed\u010dn\u00ed praxi ve firm\u011b.Up\u0159\u00edmn\u011b \u2013 tento model jsem si p\u0159edem v\u016fbec nedok\u00e1zala p\u0159edstavit. Ale funguje. A co v\u00edc \u2013 n\u011bkter\u00e9 prvky by bylo mo\u017en\u00e9 vyu\u017e\u00edt i v\u00a0na\u0161em prost\u0159ed\u00ed.<\/p>\n\n\n\n<p><strong>Inspirace i na syst\u00e9mov\u00e9 \u00farovni<\/strong><\/p>\n\n\n\n<p>Velk\u00fdm p\u0159\u00ednosem bylo tak\u00e9 setk\u00e1n\u00ed se z\u00e1stupci ministerstva \u0161kolstv\u00ed. D\u00edky tomu jsem z\u00edskala p\u0159ehled o tom, jak prob\u00edh\u00e1 administrativn\u00ed komunikace mezi \u0161kolami a st\u00e1tn\u00ed spr\u00e1vou, jak jsou nastaveny procesy a jak funguje podpora ze strany st\u00e1tu. Bohu\u017eel tento syst\u00e9m nebudeme schopni k\u00a0n\u00e1m p\u0159en\u00e9st. Na ostrovech v\u0161e funguje trochu jinak.<\/p>\n\n\n\n<p><strong>V\u00fduka v\u00a0praxi a s\u00edla jazyk\u016f<\/strong><\/p>\n\n\n\n<p>Jedn\u00edm z\u00a0nejsiln\u011bj\u0161\u00edch z\u00e1\u017eitk\u016f byla \u00fa\u010dast na odborn\u00e9 hodin\u011b p\u0159edm\u011btu Elektro. \u017d\u00e1k dostal za \u00fakol p\u0159e\u010d\u00edst odborn\u00fd text v\u00a0katal\u00e1n\u0161tin\u011b. \u010cetl ho v\u202fhlav\u011b v\u00a0tomto jazyce, ale nahlas prezentoval v\u202fmajor\u0161tin\u011b. U\u010ditel pak komunikoval se \u017e\u00e1ky ve \u0161pan\u011bl\u0161tin\u011b a se mnou v\u00a0angli\u010dtin\u011b, abych rozum\u011bla i j\u00e1. Tolik jazyk\u016f v\u00a0jedn\u00e9 hodin\u011b \u2013 a p\u0159esto v\u0161e b\u011b\u017eelo naprosto p\u0159irozen\u011b. P\u016fvodn\u011b m\u011bla \u010d\u00e1st hodiny prob\u011bhnout v\u00a0angli\u010dtin\u011b, ale zde je pot\u0159eba je\u0161t\u011b v\u00fduku tohoto jazyka pos\u00edlit. A tady je velk\u00fd prostor pro na\u0161eho mlad\u00e9ho u\u010ditele odborn\u00e9ho v\u00fdcviku uk\u00e1zat, jak implementuje CLIL metodu v\u00a0praxi. A tak\u00e9 vymyslet a zrealizovat spole\u010dn\u00fd projekt.<\/p>\n\n\n\n<p><strong>Otev\u0159enost jako kl\u00ed\u010d<\/strong><\/p>\n\n\n\n<p>Na za\u010d\u00e1tku jsem si neum\u011bla p\u0159edstavit, \u017ee online v\u00fduka m\u016f\u017ee b\u00fdt stejn\u011b p\u0159\u00ednosn\u00e1 jako ta prezen\u010dn\u00ed. Nev\u011b\u0159ila jsem, \u017ee se d\u00e1 efektivn\u011b domluvit nap\u0159\u00ed\u010d \u010dty\u0159mi jazyky. Ale pr\u00e1v\u011b tato zku\u0161enost mi uk\u00e1zala, \u017ee kdy\u017e d\u00e1me prostor nov\u00fdm p\u0159\u00edstup\u016fm a zbav\u00edme se vlastn\u00edch p\u0159edsudk\u016f, m\u016f\u017ee n\u00e1s to posunout d\u00e1l \u2013 jako jednotlivce i jako \u0161kolu.<\/p>\n\n\n\n<p><strong>Pod\u011bkov\u00e1n\u00ed a otev\u0159en\u00e1 t\u00e9mata<\/strong> <\/p>\n\n\n\n<p>Za tuto p\u0159\u00edle\u017eitost jsem opravdu moc vd\u011b\u010dn\u00e1. Velmi si cen\u00edm otev\u0159enosti na\u0161ich partner\u016f \u2013 a to nejen v\u00a0odborn\u00fdch t\u00e9matech, ale i v\u00a0t\u011bch, o kter\u00fdch se b\u011b\u017en\u011b p\u0159\u00edli\u0161 nemluv\u00ed, jako je nap\u0159\u00edklad financov\u00e1n\u00ed \u0161kolstv\u00ed, odm\u011bny u\u010ditel\u016f v\u00a0z\u00e1vislosti na extra aktiv\u00e1ch, um\u00edst\u011bnky, apod. Sd\u00edlen\u00ed zku\u0161enost\u00ed i z\u00a0t\u011bchto oblast\u00ed bylo nesm\u00edrn\u011b p\u0159\u00ednosn\u00e9 a cenn\u00e9.<\/p>\n\n\n\n<p><strong>Spole\u010dn\u00e1 budoucnost<\/strong><\/p>\n\n\n\n<p>Velkou radost mi d\u011bl\u00e1 i to, \u017ee na\u0161i partne\u0159i maj\u00ed z\u00e1jem rozv\u00edjet spolupr\u00e1ci d\u00e1l \u2013 a to nap\u0159\u00ed\u010d r\u016fzn\u00fdmi obory i t\u00e9maty. Ji\u017e nyn\u00ed p\u0159ipravujeme program pro kv\u011btnovou n\u00e1v\u0161t\u011bvu \u0161esti jejich u\u010ditel\u016f \/koordin\u00e1tor\u016f v\u00a0r\u00e1mci programu Erasmus+. V\u011b\u0159\u00edme, \u017ee i tato n\u00e1v\u0161t\u011bva bude inspirac\u00ed pro ob\u011b strany a dal\u0161\u00edm krokem k\u00a0pevn\u011bj\u0161\u00edmu partnerstv\u00ed.<\/p>\n\n\n\n<p>Ing. Hvozdov\u00e1 Blanka<\/p>\n\n\n\n<p><\/p>\n\n\n\n<figure class=\"wp-block-gallery has-nested-images columns-default is-cropped\">\n<figure class=\"wp-block-image size-large\"><img loading=\"lazy\" width=\"1024\" height=\"768\" data-id=\"1476\"  src=\"https:\/\/www.esoz-projekty.cz\/wp-content\/uploads\/2025\/04\/20250310_113319-1024x768.jpg\" alt=\"\" class=\"wp-image-1476\" srcset=\"https:\/\/www.esoz-projekty.cz\/wp-content\/uploads\/2025\/04\/20250310_113319-1024x768.jpg 1024w, https:\/\/www.esoz-projekty.cz\/wp-content\/uploads\/2025\/04\/20250310_113319-300x225.jpg 300w, https:\/\/www.esoz-projekty.cz\/wp-content\/uploads\/2025\/04\/20250310_113319-768x576.jpg 768w, https:\/\/www.esoz-projekty.cz\/wp-content\/uploads\/2025\/04\/20250310_113319-1536x1152.jpg 1536w, https:\/\/www.esoz-projekty.cz\/wp-content\/uploads\/2025\/04\/20250310_113319-2048x1536.jpg 2048w, https:\/\/www.esoz-projekty.cz\/wp-content\/uploads\/2025\/04\/20250310_113319-1440x1080.jpg 1440w\" sizes=\"(max-width: 1024px) 100vw, 1024px\" \/><\/figure>\n\n\n\n<figure class=\"wp-block-image size-large\"><img loading=\"lazy\" width=\"1024\" height=\"768\" data-id=\"1477\"  src=\"https:\/\/www.esoz-projekty.cz\/wp-content\/uploads\/2025\/04\/20250310_114452-1024x768.jpg\" alt=\"\" class=\"wp-image-1477\" srcset=\"https:\/\/www.esoz-projekty.cz\/wp-content\/uploads\/2025\/04\/20250310_114452-1024x768.jpg 1024w, https:\/\/www.esoz-projekty.cz\/wp-content\/uploads\/2025\/04\/20250310_114452-300x225.jpg 300w, https:\/\/www.esoz-projekty.cz\/wp-content\/uploads\/2025\/04\/20250310_114452-768x576.jpg 768w, https:\/\/www.esoz-projekty.cz\/wp-content\/uploads\/2025\/04\/20250310_114452-1536x1152.jpg 1536w, https:\/\/www.esoz-projekty.cz\/wp-content\/uploads\/2025\/04\/20250310_114452-2048x1536.jpg 2048w, https:\/\/www.esoz-projekty.cz\/wp-content\/uploads\/2025\/04\/20250310_114452-1440x1080.jpg 1440w\" sizes=\"(max-width: 1024px) 100vw, 1024px\" \/><\/figure>\n\n\n\n<figure class=\"wp-block-image size-large\"><img loading=\"lazy\" width=\"1024\" height=\"768\" data-id=\"1478\"  src=\"https:\/\/www.esoz-projekty.cz\/wp-content\/uploads\/2025\/04\/20250310_131331-1024x768.jpg\" alt=\"\" class=\"wp-image-1478\" srcset=\"https:\/\/www.esoz-projekty.cz\/wp-content\/uploads\/2025\/04\/20250310_131331-1024x768.jpg 1024w, https:\/\/www.esoz-projekty.cz\/wp-content\/uploads\/2025\/04\/20250310_131331-300x225.jpg 300w, https:\/\/www.esoz-projekty.cz\/wp-content\/uploads\/2025\/04\/20250310_131331-768x576.jpg 768w, https:\/\/www.esoz-projekty.cz\/wp-content\/uploads\/2025\/04\/20250310_131331-1536x1152.jpg 1536w, https:\/\/www.esoz-projekty.cz\/wp-content\/uploads\/2025\/04\/20250310_131331-2048x1536.jpg 2048w, https:\/\/www.esoz-projekty.cz\/wp-content\/uploads\/2025\/04\/20250310_131331-1440x1080.jpg 1440w\" sizes=\"(max-width: 1024px) 100vw, 1024px\" \/><\/figure>\n\n\n\n<figure class=\"wp-block-image size-large\"><img loading=\"lazy\" width=\"1024\" height=\"768\" data-id=\"1479\"  src=\"https:\/\/www.esoz-projekty.cz\/wp-content\/uploads\/2025\/04\/20250310_132924-1024x768.jpg\" alt=\"\" class=\"wp-image-1479\" srcset=\"https:\/\/www.esoz-projekty.cz\/wp-content\/uploads\/2025\/04\/20250310_132924-1024x768.jpg 1024w, https:\/\/www.esoz-projekty.cz\/wp-content\/uploads\/2025\/04\/20250310_132924-300x225.jpg 300w, https:\/\/www.esoz-projekty.cz\/wp-content\/uploads\/2025\/04\/20250310_132924-768x576.jpg 768w, https:\/\/www.esoz-projekty.cz\/wp-content\/uploads\/2025\/04\/20250310_132924-1536x1152.jpg 1536w, https:\/\/www.esoz-projekty.cz\/wp-content\/uploads\/2025\/04\/20250310_132924-2048x1536.jpg 2048w, https:\/\/www.esoz-projekty.cz\/wp-content\/uploads\/2025\/04\/20250310_132924-1440x1080.jpg 1440w\" sizes=\"(max-width: 1024px) 100vw, 1024px\" \/><\/figure>\n\n\n\n<figure class=\"wp-block-image size-large\"><img loading=\"lazy\" width=\"472\" height=\"1024\" data-id=\"1480\"  src=\"https:\/\/www.esoz-projekty.cz\/wp-content\/uploads\/2025\/04\/WhatsApp-Image-2025-03-12-at-19.05.43-472x1024.jpeg\" alt=\"\" class=\"wp-image-1480\" srcset=\"https:\/\/www.esoz-projekty.cz\/wp-content\/uploads\/2025\/04\/WhatsApp-Image-2025-03-12-at-19.05.43-472x1024.jpeg 472w, https:\/\/www.esoz-projekty.cz\/wp-content\/uploads\/2025\/04\/WhatsApp-Image-2025-03-12-at-19.05.43-138x300.jpeg 138w, https:\/\/www.esoz-projekty.cz\/wp-content\/uploads\/2025\/04\/WhatsApp-Image-2025-03-12-at-19.05.43-708x1536.jpeg 708w, https:\/\/www.esoz-projekty.cz\/wp-content\/uploads\/2025\/04\/WhatsApp-Image-2025-03-12-at-19.05.43.jpeg 737w\" sizes=\"(max-width: 472px) 100vw, 472px\" \/><\/figure>\n\n\n\n<figure class=\"wp-block-image size-large\"><img loading=\"lazy\" width=\"472\" height=\"1024\" data-id=\"1481\"  src=\"https:\/\/www.esoz-projekty.cz\/wp-content\/uploads\/2025\/04\/WhatsApp-Image-2025-03-14-at-19.04.42-472x1024.jpeg\" alt=\"\" class=\"wp-image-1481\" srcset=\"https:\/\/www.esoz-projekty.cz\/wp-content\/uploads\/2025\/04\/WhatsApp-Image-2025-03-14-at-19.04.42-472x1024.jpeg 472w, https:\/\/www.esoz-projekty.cz\/wp-content\/uploads\/2025\/04\/WhatsApp-Image-2025-03-14-at-19.04.42-138x300.jpeg 138w, https:\/\/www.esoz-projekty.cz\/wp-content\/uploads\/2025\/04\/WhatsApp-Image-2025-03-14-at-19.04.42-708x1536.jpeg 708w, https:\/\/www.esoz-projekty.cz\/wp-content\/uploads\/2025\/04\/WhatsApp-Image-2025-03-14-at-19.04.42.jpeg 737w\" sizes=\"(max-width: 472px) 100vw, 472px\" \/><\/figure>\n\n\n\n<figure class=\"wp-block-image size-large\"><img loading=\"lazy\" width=\"1024\" height=\"768\" data-id=\"1482\"  src=\"https:\/\/www.esoz-projekty.cz\/wp-content\/uploads\/2025\/04\/20250310_095945-1024x768.jpg\" alt=\"\" class=\"wp-image-1482\" srcset=\"https:\/\/www.esoz-projekty.cz\/wp-content\/uploads\/2025\/04\/20250310_095945-1024x768.jpg 1024w, https:\/\/www.esoz-projekty.cz\/wp-content\/uploads\/2025\/04\/20250310_095945-300x225.jpg 300w, https:\/\/www.esoz-projekty.cz\/wp-content\/uploads\/2025\/04\/20250310_095945-768x576.jpg 768w, https:\/\/www.esoz-projekty.cz\/wp-content\/uploads\/2025\/04\/20250310_095945-1536x1152.jpg 1536w, https:\/\/www.esoz-projekty.cz\/wp-content\/uploads\/2025\/04\/20250310_095945-2048x1536.jpg 2048w, https:\/\/www.esoz-projekty.cz\/wp-content\/uploads\/2025\/04\/20250310_095945-1440x1080.jpg 1440w\" sizes=\"(max-width: 1024px) 100vw, 1024px\" \/><\/figure>\n\n\n\n<figure class=\"wp-block-image size-large\"><img loading=\"lazy\" width=\"768\" height=\"1024\" data-id=\"1483\"  src=\"https:\/\/www.esoz-projekty.cz\/wp-content\/uploads\/2025\/04\/20250310_110659-768x1024.jpg\" alt=\"\" class=\"wp-image-1483\" srcset=\"https:\/\/www.esoz-projekty.cz\/wp-content\/uploads\/2025\/04\/20250310_110659-768x1024.jpg 768w, https:\/\/www.esoz-projekty.cz\/wp-content\/uploads\/2025\/04\/20250310_110659-225x300.jpg 225w, https:\/\/www.esoz-projekty.cz\/wp-content\/uploads\/2025\/04\/20250310_110659-1152x1536.jpg 1152w, https:\/\/www.esoz-projekty.cz\/wp-content\/uploads\/2025\/04\/20250310_110659-1536x2048.jpg 1536w, https:\/\/www.esoz-projekty.cz\/wp-content\/uploads\/2025\/04\/20250310_110659-1024x1365.jpg 1024w, https:\/\/www.esoz-projekty.cz\/wp-content\/uploads\/2025\/04\/20250310_110659-810x1080.jpg 810w, https:\/\/www.esoz-projekty.cz\/wp-content\/uploads\/2025\/04\/20250310_110659-scaled.jpg 1920w\" sizes=\"(max-width: 768px) 100vw, 768px\" \/><\/figure>\n<\/figure>\n","protected":false},"excerpt":{"rendered":"<p>N\u011bkdy spolupr\u00e1ci nezbrzd\u00ed jazyk, vzd\u00e1lenost ani technick\u00e9 rozd\u00edly, ale oby\u010dejn\u00e9 p\u0159edsudky. O to siln\u011bj\u0161\u00ed m\u016f\u017ee b\u00fdt moment, kdy si \u010dlov\u011bk uv\u011bdom\u00ed, \u017ee pr\u00e1v\u011b otev\u0159enost a chu\u0165 u\u010dit se nov\u00e9 v\u011bci mohou p\u0159in\u00e9st nejv\u011bt\u0161\u00ed p\u0159\u00ednos \u2013 nejen jemu, ale i cel\u00e9 \u0161kole. A zde jsou m\u00e9 post\u0159ehy z\u00a0Mallorcy. Prvn\u00ed setk\u00e1n\u00ed S&nbsp;koordin\u00e1torem Joanem Ponsem z\u202fMajorky jsem&hellip; <br \/> <a class=\"read-more\" href=\"https:\/\/www.esoz-projekty.cz\/?p=1475\">V\u00edce<\/a><\/p>\n","protected":false},"author":3,"featured_media":1484,"comment_status":"closed","ping_status":"closed","sticky":false,"template":"","format":"standard","meta":[],"categories":[1],"tags":[],"_links":{"self":[{"href":"https:\/\/www.esoz-projekty.cz\/index.php?rest_route=\/wp\/v2\/posts\/1475"}],"collection":[{"href":"https:\/\/www.esoz-projekty.cz\/index.php?rest_route=\/wp\/v2\/posts"}],"about":[{"href":"https:\/\/www.esoz-projekty.cz\/index.php?rest_route=\/wp\/v2\/types\/post"}],"author":[{"embeddable":true,"href":"https:\/\/www.esoz-projekty.cz\/index.php?rest_route=\/wp\/v2\/users\/3"}],"replies":[{"embeddable":true,"href":"https:\/\/www.esoz-projekty.cz\/index.php?rest_route=%2Fwp%2Fv2%2Fcomments&post=1475"}],"version-history":[{"count":1,"href":"https:\/\/www.esoz-projekty.cz\/index.php?rest_route=\/wp\/v2\/posts\/1475\/revisions"}],"predecessor-version":[{"id":1485,"href":"https:\/\/www.esoz-projekty.cz\/index.php?rest_route=\/wp\/v2\/posts\/1475\/revisions\/1485"}],"wp:featuredmedia":[{"embeddable":true,"href":"https:\/\/www.esoz-projekty.cz\/index.php?rest_route=\/wp\/v2\/media\/1484"}],"wp:attachment":[{"href":"https:\/\/www.esoz-projekty.cz\/index.php?rest_route=%2Fwp%2Fv2%2Fmedia&parent=1475"}],"wp:term":[{"taxonomy":"category","embeddable":true,"href":"https:\/\/www.esoz-projekty.cz\/index.php?rest_route=%2Fwp%2Fv2%2Fcategories&post=1475"},{"taxonomy":"post_tag","embeddable":true,"href":"https:\/\/www.esoz-projekty.cz\/index.php?rest_route=%2Fwp%2Fv2%2Ftags&post=1475"}],"curies":[{"name":"wp","href":"https:\/\/api.w.org\/{rel}","templated":true}]}}